{"id":13043,"date":"2017-01-10T06:43:21","date_gmt":"2017-01-10T13:43:21","guid":{"rendered":"https:\/\/windpilot.com\/blog\/?p=13043"},"modified":"2017-02-28T21:01:17","modified_gmt":"2017-03-01T04:01:17","slug":"sv-miss-u-ulli-muehlviertler-alfred-moser-at","status":"publish","type":"post","link":"https:\/\/windpilot.com\/blog\/blog\/blogs\/sv-miss-u-ulli-muehlviertler-alfred-moser-at\/","title":{"rendered":"SV Miss U &#8211; Ulli Schmalz &#8211; Alfred Moser AT"},"content":{"rendered":"<p><strong>NEINFRED UND EINE AMAZONE AUF DEM ATLANTIK<\/strong><\/p>\n<p><img loading=\"lazy\" decoding=\"async\" src=\"https:\/\/windpilot.com\/blog\/wp-content\/uploads\/2017\/01\/MissU.jpg\" alt=\"\" width=\"1020\" height=\"754\" class=\"aligncenter size-full wp-image-13044\" srcset=\"https:\/\/windpilot.com\/blog\/wp-content\/uploads\/2017\/01\/MissU.jpg 1020w, https:\/\/windpilot.com\/blog\/wp-content\/uploads\/2017\/01\/MissU-300x222.jpg 300w, https:\/\/windpilot.com\/blog\/wp-content\/uploads\/2017\/01\/MissU-768x568.jpg 768w\" sizes=\"auto, (max-width: 1020px) 100vw, 1020px\" \/><img loading=\"lazy\" decoding=\"async\" src=\"https:\/\/windpilot.com\/blog\/wp-content\/uploads\/2017\/01\/Kukluxklan-1024x524.jpg\" alt=\"\" width=\"640\" height=\"328\" class=\"aligncenter size-large wp-image-13045\" srcset=\"https:\/\/windpilot.com\/blog\/wp-content\/uploads\/2017\/01\/Kukluxklan-1024x524.jpg 1024w, https:\/\/windpilot.com\/blog\/wp-content\/uploads\/2017\/01\/Kukluxklan-300x153.jpg 300w, https:\/\/windpilot.com\/blog\/wp-content\/uploads\/2017\/01\/Kukluxklan-768x393.jpg 768w, https:\/\/windpilot.com\/blog\/wp-content\/uploads\/2017\/01\/Kukluxklan.jpg 1146w\" sizes=\"auto, (max-width: 640px) 100vw, 640px\" \/><\/p>\n<p>Auch ein Wiener hat das Recht, auf dem Atlantik zu segeln, insbesondere wenn er von seiner Amazone getrieben und gejagt, dort zumindest 12 Monate sein Unwesen treiben und ungewohntes Terrain erkunden m\u00f6chte. Zwei Frauen und ein Mann, wer h\u00e4tte das nicht gern, auch wenn die Fantasie nun gallopiert, weil MISS U doch nur ein Schiff, das f\u00fcr beide das Hause ist. Eben gerade von GOMERA gen Westen aufgebrochen <a href=\"https:\/\/www.smissu.at\" target=\"_blank\">WEITERLESEN<\/a><\/p>\n","protected":false},"excerpt":{"rendered":"<p>NEINFRED UND EINE AMAZONE AUF DEM ATLANTIK Auch ein Wiener hat das Recht, auf dem Atlantik zu segeln, insbesondere wenn er von seiner Amazone getrieben und gejagt, dort zumindest 12 Monate sein Unwesen treiben und ungewohntes Terrain erkunden m\u00f6chte. Zwei &hellip; <a href=\"https:\/\/windpilot.com\/blog\/blog\/blogs\/sv-miss-u-ulli-muehlviertler-alfred-moser-at\/\">Weiterlesen <span class=\"meta-nav\">&rarr;<\/span><\/a><\/p>\n","protected":false},"author":1,"featured_media":0,"comment_status":"open","ping_status":"closed","sticky":false,"template":"","format":"standard","meta":{"footnotes":""},"categories":[5],"tags":[],"class_list":["post-13043","post","type-post","status-publish","format-standard","hentry","category-blogs"],"_links":{"self":[{"href":"https:\/\/windpilot.com\/blog\/wp-json\/wp\/v2\/posts\/13043","targetHints":{"allow":["GET"]}}],"collection":[{"href":"https:\/\/windpilot.com\/blog\/wp-json\/wp\/v2\/posts"}],"about":[{"href":"https:\/\/windpilot.com\/blog\/wp-json\/wp\/v2\/types\/post"}],"author":[{"embeddable":true,"href":"https:\/\/windpilot.com\/blog\/wp-json\/wp\/v2\/users\/1"}],"replies":[{"embeddable":true,"href":"https:\/\/windpilot.com\/blog\/wp-json\/wp\/v2\/comments?post=13043"}],"version-history":[{"count":5,"href":"https:\/\/windpilot.com\/blog\/wp-json\/wp\/v2\/posts\/13043\/revisions"}],"predecessor-version":[{"id":13320,"href":"https:\/\/windpilot.com\/blog\/wp-json\/wp\/v2\/posts\/13043\/revisions\/13320"}],"wp:attachment":[{"href":"https:\/\/windpilot.com\/blog\/wp-json\/wp\/v2\/media?parent=13043"}],"wp:term":[{"taxonomy":"category","embeddable":true,"href":"https:\/\/windpilot.com\/blog\/wp-json\/wp\/v2\/categories?post=13043"},{"taxonomy":"post_tag","embeddable":true,"href":"https:\/\/windpilot.com\/blog\/wp-json\/wp\/v2\/tags?post=13043"}],"curies":[{"name":"wp","href":"https:\/\/api.w.org\/{rel}","templated":true}]}}