{"id":13633,"date":"2017-04-14T02:08:12","date_gmt":"2017-04-14T09:08:12","guid":{"rendered":"https:\/\/windpilot.com\/blog\/?p=13633"},"modified":"2017-04-16T01:30:07","modified_gmt":"2017-04-16T08:30:07","slug":"sv-betty-blue-juergen-reul-ger","status":"publish","type":"post","link":"https:\/\/windpilot.com\/blog\/blog\/blogs\/sv-betty-blue-juergen-reul-ger\/","title":{"rendered":"SV Betty Blue &#8211; J\u00fcrgen Reul GER"},"content":{"rendered":"<p><strong>UM DIE WELT &#8211; IN DER ZEIT, DIE NOCH BLEIBT<\/strong><\/p>\n<p><img loading=\"lazy\" decoding=\"async\" src=\"https:\/\/windpilot.com\/blog\/wp-content\/uploads\/2017\/04\/Madeira-1024x1024.jpeg\" alt=\"\" width=\"1024\" height=\"1024\" class=\"aligncenter size-full wp-image-13634\" srcset=\"https:\/\/windpilot.com\/blog\/wp-content\/uploads\/2017\/04\/Madeira-1024x1024.jpeg 1024w, https:\/\/windpilot.com\/blog\/wp-content\/uploads\/2017\/04\/Madeira-1024x1024-150x150.jpeg 150w, https:\/\/windpilot.com\/blog\/wp-content\/uploads\/2017\/04\/Madeira-1024x1024-300x300.jpeg 300w, https:\/\/windpilot.com\/blog\/wp-content\/uploads\/2017\/04\/Madeira-1024x1024-768x768.jpeg 768w\" sizes=\"auto, (max-width: 1024px) 100vw, 1024px\" \/><\/p>\n<p>Es ist auf den Tag genau zwei Jahre her, als ich von J\u00fcrgen Reul aus Portimao \/ Portugal von Bord seiner SV BETTY BLUE  angesprochen wurde. Seit einigen Jahren Windpilot Segler, hatte er kurz zuvor auch sein neues Schiff, eine ALLURES 45, mit einer Pacific Anlage ausr\u00fcsten lassen und bzgl der Leinen\u00fcbertragung, ein paar Fragen.  <!--more--><\/p>\n<p><img loading=\"lazy\" decoding=\"async\" src=\"https:\/\/windpilot.com\/blog\/wp-content\/uploads\/2017\/04\/ReitengenWesten.jpg\" alt=\"\" width=\"640\" height=\"480\" class=\"aligncenter size-full wp-image-13635\" srcset=\"https:\/\/windpilot.com\/blog\/wp-content\/uploads\/2017\/04\/ReitengenWesten.jpg 640w, https:\/\/windpilot.com\/blog\/wp-content\/uploads\/2017\/04\/ReitengenWesten-300x225.jpg 300w\" sizes=\"auto, (max-width: 640px) 100vw, 640px\" \/><\/p>\n<p>Mit offenen zugewandten Menschen entwickelt Kommunikation schnell eine Eigendynamik, bei der Sachfragen schnell gekl\u00e4rt, und Gespr\u00e4che manchmal dann eine g\u00e4nzlich andere Richtung nehmen. So wie mit J\u00fcrgen Reul, dessen Expertise als Professor der Neurologie und anerkanntem Sportmediziner im Netz nachzulesen ist, wo meine feminine Regierungszentrale auf der Suche nach einer Dritt \u2013 Zehnt Meinung in Sachen Lebens R\u00fcckgrad \u2013 neudeutsch: Bandscheiben Vorfall &#8211; unterwegs gewesen ist.  <\/p>\n<p><img loading=\"lazy\" decoding=\"async\" src=\"https:\/\/windpilot.com\/blog\/wp-content\/uploads\/2017\/04\/Bordschule.jpg\" alt=\"\" width=\"640\" height=\"480\" class=\"aligncenter size-full wp-image-13636\" srcset=\"https:\/\/windpilot.com\/blog\/wp-content\/uploads\/2017\/04\/Bordschule.jpg 640w, https:\/\/windpilot.com\/blog\/wp-content\/uploads\/2017\/04\/Bordschule-300x225.jpg 300w\" sizes=\"auto, (max-width: 640px) 100vw, 640px\" \/><\/p>\n<p>So war es nur noch ein kleiner Gedanken Hopser, meinem Gegen\u00fcber in seinem Fachbereich eine Gegenfrage zu stellen, in deren Folge wir dann vorhandene Diagnose Daten \u00fcbersendet haben. Wenige Tage danach, zur\u00fcck in Bonn, wurden wir aus der <a href=\"http:\/\/www.betaklinik.de\/#\" target=\"_blank\">BETA KLINIK<\/a> angerufen, Professor Reul am Apparat, der seine Diagnose benannte und Therapie Optionen unterbreitete, darunter auch jene, sich der Problematik ganz pers\u00f6nlich anzunehmen. Zwei Bonn Besuche sp\u00e4ter, haben wir einen aussergew\u00f6hnlichen Menschen kennengelernt, einen in sich ruhenden Willens starken Mann mit profundem Fachwissen und atemloser Karriere, wie es wohl \u2013 zumindest in unserem Lande &#8211; kaum eine Zweite gibt: vom Polizisten zum Professor der Neurologie, international anerkannter Koryphae, Gr\u00fcnder mehrerer Privat Kliniken mit internationaler Reputation, Extremsportler und eben Segler, was die Kommunikation manchmal so ungemein vereinfacht, jedenfalls, wenn menschliches Verstehen \u00e4hnlich und Verst\u00e4ndigungs Balken oder Barrieren nirgendwo vorhanden sind. <\/p>\n<p>J\u00fcrgen Reul hat seither in unseren K\u00f6pfen und Herzen einen Logenplatz inne. <\/p>\n<p><img loading=\"lazy\" decoding=\"async\" src=\"https:\/\/windpilot.com\/blog\/wp-content\/uploads\/2017\/04\/BettyBlue1.jpg\" alt=\"\" width=\"800\" height=\"600\" class=\"aligncenter size-full wp-image-13637\" srcset=\"https:\/\/windpilot.com\/blog\/wp-content\/uploads\/2017\/04\/BettyBlue1.jpg 800w, https:\/\/windpilot.com\/blog\/wp-content\/uploads\/2017\/04\/BettyBlue1-300x225.jpg 300w, https:\/\/windpilot.com\/blog\/wp-content\/uploads\/2017\/04\/BettyBlue1-768x576.jpg 768w\" sizes=\"auto, (max-width: 800px) 100vw, 800px\" \/><\/p>\n<p>Wenn ich an dieser Stelle dar\u00fcber berichte, wie das Leben dieses Seglers weitergegangen ist, so geschieht dies in tiefer Ehrfurcht und ungeheurem Respekt gegen\u00fcber dem Verhalten dieses Mannes, der selbst angesichts eines schweren Schicksalsschlages nicht davon abgelassen hat, sich einen grossen Traum  &#8211; den Traum von einer Weltumsegelung \u2013 dereinst doch noch zu erf\u00fcllen.<\/p>\n<p>Die Diagnose ALS birgt f\u00fcr einen Neurologen besondere Stringenz, deren Folgen die Tage wie im Zeitraffer haben wertvoller werden lassen. F\u00fcr einen vielfachen Familienvater mit gerade neu geborenem Nachwuchs, mit weitverzweigten Verantwortlichkeiten im ohnehin so \u00fcbervollen Leben, ist J\u00fcrgen Reul mit seiner Lebensz\u00e4sur bewundernswert offensiv umgegangen. So hat er im Herbst 2015 im ZDF offen \u00fcber seine Krankheit und deren Verlauf berichtet, die Kameras haben ihn bei einem Fahrrad Marathon in der W\u00fcste von Angola begleitet, als er sich auf dem Tandem infolge der enormen Strapazen, und zunehmendem Verlust der Kontrolle \u00fcber Arme und Beine, kaum noch auf dem Sattel hatte halten k\u00f6nnen. Auch seine anschliessende Atlantik \u00dcberquerung mit dem neuen Schiff hat er noch vollendet, danach allerdings wurde das Schiff verkauft, weil der fortschreitende Krankheitsverlauf dies unumg\u00e4nglich machte.<\/p>\n<p><img loading=\"lazy\" decoding=\"async\" src=\"https:\/\/windpilot.com\/blog\/wp-content\/uploads\/2017\/04\/IMG_7971-1024x768-1024x768.jpg\" alt=\"\" width=\"640\" height=\"480\" class=\"aligncenter size-large wp-image-13638\" srcset=\"https:\/\/windpilot.com\/blog\/wp-content\/uploads\/2017\/04\/IMG_7971-1024x768.jpg 1024w, https:\/\/windpilot.com\/blog\/wp-content\/uploads\/2017\/04\/IMG_7971-1024x768-300x225.jpg 300w, https:\/\/windpilot.com\/blog\/wp-content\/uploads\/2017\/04\/IMG_7971-1024x768-768x576.jpg 768w\" sizes=\"auto, (max-width: 640px) 100vw, 640px\" \/><\/p>\n<p>Vor einigen Tagen erhielt ich eine Mail aus Sydney, verfasst von einem voll wachen Kopf, aufgeschrieben unter enormen M\u00fchen mit nur einem einzigen noch beweglich zur Verf\u00fcgung stehendem Finger. J\u00fcrgen Reul ist ab der Nasenspitze abw\u00e4rts gel\u00e4hmt, vollst\u00e4ndig auf den Rollstuhl und die liebevolle Hilfe seiner Frau und Familie angewiesen. J\u00fcrgen hat sich mit seiner Frau und den Kindern Lea und Lissy in Genua zu seiner Weltreise auf dem Kreuzfahrer ARTANIA eingeschifft, um die Zeit, die ihm noch bleibt, mit seiner Familie zu verbringen und dabei gemeinsam ein wenig von der Welt zu erhaschen. Er hat zwischenzeitlich einen Verlag ins Leben gerufen, in dem er Autoren unterst\u00fctzt. Sein Blog <a href=\"http:\/\/www.bluewaterkids.de\/news\" target=\"_blank\">BLUEWATERKIDS<\/a> ist seinen Kindern gewidmet.<\/p>\n<p>F\u00fcr mich ist die Begegnung mit aussergew\u00f6hnlichen Menschen rund um den Globus das Salz in meiner Lebenssuppe, zeitgleich Antriebsfeder, Bindeglied und Hoffnungsschimmer, der mich meinen Job auch nach 40 Jahren mit Neugierde und Freude weiterf\u00fchren l\u00e4sst. <\/p>\n<p>Peter Foerthmann<\/p>\n","protected":false},"excerpt":{"rendered":"<p>UM DIE WELT &#8211; IN DER ZEIT, DIE NOCH BLEIBT Es ist auf den Tag genau zwei Jahre her, als ich von J\u00fcrgen Reul aus Portimao \/ Portugal von Bord seiner SV BETTY BLUE angesprochen wurde. Seit einigen Jahren Windpilot &hellip; <a href=\"https:\/\/windpilot.com\/blog\/blog\/blogs\/sv-betty-blue-juergen-reul-ger\/\">Weiterlesen <span class=\"meta-nav\">&rarr;<\/span><\/a><\/p>\n","protected":false},"author":1,"featured_media":0,"comment_status":"open","ping_status":"closed","sticky":false,"template":"","format":"standard","meta":{"footnotes":""},"categories":[5],"tags":[],"class_list":["post-13633","post","type-post","status-publish","format-standard","hentry","category-blogs"],"_links":{"self":[{"href":"https:\/\/windpilot.com\/blog\/wp-json\/wp\/v2\/posts\/13633","targetHints":{"allow":["GET"]}}],"collection":[{"href":"https:\/\/windpilot.com\/blog\/wp-json\/wp\/v2\/posts"}],"about":[{"href":"https:\/\/windpilot.com\/blog\/wp-json\/wp\/v2\/types\/post"}],"author":[{"embeddable":true,"href":"https:\/\/windpilot.com\/blog\/wp-json\/wp\/v2\/users\/1"}],"replies":[{"embeddable":true,"href":"https:\/\/windpilot.com\/blog\/wp-json\/wp\/v2\/comments?post=13633"}],"version-history":[{"count":2,"href":"https:\/\/windpilot.com\/blog\/wp-json\/wp\/v2\/posts\/13633\/revisions"}],"predecessor-version":[{"id":13650,"href":"https:\/\/windpilot.com\/blog\/wp-json\/wp\/v2\/posts\/13633\/revisions\/13650"}],"wp:attachment":[{"href":"https:\/\/windpilot.com\/blog\/wp-json\/wp\/v2\/media?parent=13633"}],"wp:term":[{"taxonomy":"category","embeddable":true,"href":"https:\/\/windpilot.com\/blog\/wp-json\/wp\/v2\/categories?post=13633"},{"taxonomy":"post_tag","embeddable":true,"href":"https:\/\/windpilot.com\/blog\/wp-json\/wp\/v2\/tags?post=13633"}],"curies":[{"name":"wp","href":"https:\/\/api.w.org\/{rel}","templated":true}]}}