{"id":14079,"date":"2017-06-26T03:50:37","date_gmt":"2017-06-26T10:50:37","guid":{"rendered":"https:\/\/windpilot.com\/blog\/?p=14079"},"modified":"2017-06-26T03:52:01","modified_gmt":"2017-06-26T10:52:01","slug":"sv-shalom-christoph-vougessis-ger-9","status":"publish","type":"post","link":"https:\/\/windpilot.com\/blog\/blog\/blogs\/sv-shalom-christoph-vougessis-ger-9\/","title":{"rendered":"SV Shalom &#8211; Christoph Vougessis GER"},"content":{"rendered":"<p><strong>ANGEKOMMEN UND AUSGESCHLAFEN<\/strong><\/p>\n<p><img loading=\"lazy\" decoding=\"async\" src=\"https:\/\/windpilot.com\/blog\/wp-content\/uploads\/2016\/12\/DSC_4155.jpeg\" alt=\"\" width=\"772\" height=\"513\" class=\"aligncenter size-full wp-image-14076\" srcset=\"https:\/\/windpilot.com\/blog\/wp-content\/uploads\/2016\/12\/DSC_4155.jpeg 772w, https:\/\/windpilot.com\/blog\/wp-content\/uploads\/2016\/12\/DSC_4155-300x199.jpeg 300w, https:\/\/windpilot.com\/blog\/wp-content\/uploads\/2016\/12\/DSC_4155-768x510.jpeg 768w\" sizes=\"auto, (max-width: 772px) 100vw, 772px\" \/><\/p>\n<p>Moin Herr Foerthmann!<br \/>\nIch bin unendlich gl\u00fccklich \u00fcber ihren Windpiloten. Inzwischen habe ich Ihn heilig gesprochen und kann Ihnen garnicht genug daf\u00fcr danken! Ohne Sie w\u00e4re diese Reise in diesem Ausma\u00df garnicht m\u00f6glich gewesen. Die ersten Fotos habe ich heute schon ausgesucht und sitze auch schon am Text. Momentan geht es aber noch langsam voran, da etliche Arbeiten noch anstehen. Daf\u00fcr hat <a href=\"http:\/\/azorestradewinds.com\/keep-going\/\" target=\"_blank\">Tiego, ein Local, bereits einen sch\u00f6nen Bericht mit Fotos auf seinen bekannten Blog gestellt<\/a> <a href=\"https:\/\/windpilot.com\/blog\/morphy-blitz\/christoph-vougessis\/\">WEITERLESEN<\/a><\/p>\n","protected":false},"excerpt":{"rendered":"<p>ANGEKOMMEN UND AUSGESCHLAFEN Moin Herr Foerthmann! Ich bin unendlich gl\u00fccklich \u00fcber ihren Windpiloten. Inzwischen habe ich Ihn heilig gesprochen und kann Ihnen garnicht genug daf\u00fcr danken! Ohne Sie w\u00e4re diese Reise in diesem Ausma\u00df garnicht m\u00f6glich gewesen. Die ersten Fotos &hellip; <a href=\"https:\/\/windpilot.com\/blog\/blog\/blogs\/sv-shalom-christoph-vougessis-ger-9\/\">Weiterlesen <span class=\"meta-nav\">&rarr;<\/span><\/a><\/p>\n","protected":false},"author":1,"featured_media":0,"comment_status":"open","ping_status":"closed","sticky":false,"template":"","format":"standard","meta":{"footnotes":""},"categories":[5],"tags":[],"class_list":["post-14079","post","type-post","status-publish","format-standard","hentry","category-blogs"],"_links":{"self":[{"href":"https:\/\/windpilot.com\/blog\/wp-json\/wp\/v2\/posts\/14079","targetHints":{"allow":["GET"]}}],"collection":[{"href":"https:\/\/windpilot.com\/blog\/wp-json\/wp\/v2\/posts"}],"about":[{"href":"https:\/\/windpilot.com\/blog\/wp-json\/wp\/v2\/types\/post"}],"author":[{"embeddable":true,"href":"https:\/\/windpilot.com\/blog\/wp-json\/wp\/v2\/users\/1"}],"replies":[{"embeddable":true,"href":"https:\/\/windpilot.com\/blog\/wp-json\/wp\/v2\/comments?post=14079"}],"version-history":[{"count":2,"href":"https:\/\/windpilot.com\/blog\/wp-json\/wp\/v2\/posts\/14079\/revisions"}],"predecessor-version":[{"id":14081,"href":"https:\/\/windpilot.com\/blog\/wp-json\/wp\/v2\/posts\/14079\/revisions\/14081"}],"wp:attachment":[{"href":"https:\/\/windpilot.com\/blog\/wp-json\/wp\/v2\/media?parent=14079"}],"wp:term":[{"taxonomy":"category","embeddable":true,"href":"https:\/\/windpilot.com\/blog\/wp-json\/wp\/v2\/categories?post=14079"},{"taxonomy":"post_tag","embeddable":true,"href":"https:\/\/windpilot.com\/blog\/wp-json\/wp\/v2\/tags?post=14079"}],"curies":[{"name":"wp","href":"https:\/\/api.w.org\/{rel}","templated":true}]}}