{"id":29484,"date":"2023-05-14T09:24:55","date_gmt":"2023-05-14T16:24:55","guid":{"rendered":"https:\/\/windpilot.com\/blog\/?p=29484"},"modified":"2023-05-15T01:45:15","modified_gmt":"2023-05-15T08:45:15","slug":"johannes-erdmann-2","status":"publish","type":"post","link":"https:\/\/windpilot.com\/blog\/blog\/press\/johannes-erdmann-2\/","title":{"rendered":"Johannes Erdmann"},"content":{"rendered":"<p><a href=\"https:\/\/windpilot.com\/blog\/deutsch-yacht-delius-klasing\/johannes-erdmann\/comment-page-1\/?unapproved=833830&#038;moderation-hash=7c4ba52ffcc6417d39e52f12157213f6#comment-833830\">KOMMENTAR ZUR MEINUNG VON JOHANNES ERDMANN<\/a><br \/>\n<img loading=\"lazy\" decoding=\"async\" src=\"https:\/\/windpilot.com\/blog\/wp-content\/uploads\/2023\/05\/Ohne-Titel-2-248x300.jpg\" alt=\"\" width=\"248\" height=\"300\" class=\"alignleft size-medium wp-image-29490\" srcset=\"https:\/\/windpilot.com\/blog\/wp-content\/uploads\/2023\/05\/Ohne-Titel-2-248x300.jpg 248w, https:\/\/windpilot.com\/blog\/wp-content\/uploads\/2023\/05\/Ohne-Titel-2-847x1024.jpg 847w, https:\/\/windpilot.com\/blog\/wp-content\/uploads\/2023\/05\/Ohne-Titel-2-768x929.jpg 768w, https:\/\/windpilot.com\/blog\/wp-content\/uploads\/2023\/05\/Ohne-Titel-2-1270x1536.jpg 1270w, https:\/\/windpilot.com\/blog\/wp-content\/uploads\/2023\/05\/Ohne-Titel-2.jpg 1290w\" sizes=\"auto, (max-width: 248px) 100vw, 248px\" \/>Moin Herr Erdmann,<br \/>\nnat\u00fcrlich kann man Ihre Position so vertreten, dennoch l\u00f6sen Ihre Aussagen bei mir eine gewisse Verwunderung aus \u2013 sch\u00e4tze ich Sie doch als erfahrenen Segler ein.<br \/>\nDie Windfahne ist kein Idiot,<br \/>\ndem alsbald nun der Abschied droht,<br \/>\nsie wird viel Technik \u00fcberstehen,<br \/>\nSie werden eher in Rente gehen!<br \/>\nOder steht Ihre Meinung f\u00fcr diese gewisse \u201e\u00dcberheblichkeit\u201c der Generation 50-,<br \/>\nbei der alles, was alte Technik ist, ab auf die Halde kann?<!--more--><\/p>\n<p>Mit der gleichen Intention k\u00f6nnte man auch Abakus und Sextanten \u00fcber Bord werfen.<br \/>\nDoch wenn das mit den Kn\u00f6pfen mal nicht mehr funktioniert, dann ist es schlau<br \/>\ndie Grundlagen und Funktionen des Rechnens, der Navigation und das Steuern zu beherrschen\u2026<\/p>\n<p>Man m\u00fcsste jetzt mal Herrn F\u00f6rthmann fragen, doch von Reklamationen zu den<br \/>\ng\u00e4ngigen und bew\u00e4hrten Windfahnen habe ich noch nicht oft geh\u00f6rt. Die Dinger<br \/>\nw\u00fcrde ich, zumindest f\u00fcr Fahrtensegler, \u00e4hnlich sicher wie einen Airbus<br \/>\neinsch\u00e4tzen. Das w\u00fcrde ich von Autopiloten nicht behaupten\u2026<br \/>\nAllerdings gilt f\u00fcr beide F\u00e4lle: \u201e Wenn der Bauer nicht schwimmen kann, dann<br \/>\nliegt es nicht immer an der Badehose\u2026.\u201c<\/p>\n<p>Die Steinzeit ging zwar auch nicht zu Ende, weil es keine Steine mehr gab! Doch<br \/>\ndank des Fortschritts bei der Technik bew\u00e4hrte Systeme in Frage zu stellen,<br \/>\ndas scheint mir doch respekt- und ?ahnungslos?<\/p>\n<p>Mit besten Gr\u00fc\u00dfen in die Redaktion<br \/>\nGl\u00fcck Auf!<br \/>\nMartin Trockels<\/p>\n<blockquote class=\"wp-embedded-content\" data-secret=\"wrLxHWXNX2\"><p><a href=\"https:\/\/windpilot.com\/blog\/deutsch-yacht-delius-klasing\/johannes-erdmann\/\">Johannes Erdmann<\/a><\/p><\/blockquote>\n<p><iframe loading=\"lazy\" class=\"wp-embedded-content\" sandbox=\"allow-scripts\" security=\"restricted\" style=\"position: absolute; clip: rect(1px, 1px, 1px, 1px);\" title=\"&#8222;Johannes Erdmann&#8220; &#8212; Windpilot Blog\" src=\"https:\/\/windpilot.com\/blog\/deutsch-yacht-delius-klasing\/johannes-erdmann\/embed\/#?secret=HYqmaymYYu#?secret=wrLxHWXNX2\" data-secret=\"wrLxHWXNX2\" width=\"600\" height=\"338\" frameborder=\"0\" marginwidth=\"0\" marginheight=\"0\" scrolling=\"no\"><\/iframe><\/p>\n","protected":false},"excerpt":{"rendered":"<p>KOMMENTAR ZUR MEINUNG VON JOHANNES ERDMANN Moin Herr Erdmann, nat\u00fcrlich kann man Ihre Position so vertreten, dennoch l\u00f6sen Ihre Aussagen bei mir eine gewisse Verwunderung aus \u2013 sch\u00e4tze ich Sie doch als erfahrenen Segler ein. Die Windfahne ist kein Idiot, &hellip; <a href=\"https:\/\/windpilot.com\/blog\/blog\/press\/johannes-erdmann-2\/\">Weiterlesen <span class=\"meta-nav\">&rarr;<\/span><\/a><\/p>\n","protected":false},"author":1,"featured_media":0,"comment_status":"open","ping_status":"closed","sticky":false,"template":"","format":"standard","meta":{"footnotes":""},"categories":[50,27,10,42],"tags":[],"class_list":["post-29484","post","type-post","status-publish","format-standard","hentry","category-equipment","category-media","category-press","category-windpilot"],"_links":{"self":[{"href":"https:\/\/windpilot.com\/blog\/wp-json\/wp\/v2\/posts\/29484","targetHints":{"allow":["GET"]}}],"collection":[{"href":"https:\/\/windpilot.com\/blog\/wp-json\/wp\/v2\/posts"}],"about":[{"href":"https:\/\/windpilot.com\/blog\/wp-json\/wp\/v2\/types\/post"}],"author":[{"embeddable":true,"href":"https:\/\/windpilot.com\/blog\/wp-json\/wp\/v2\/users\/1"}],"replies":[{"embeddable":true,"href":"https:\/\/windpilot.com\/blog\/wp-json\/wp\/v2\/comments?post=29484"}],"version-history":[{"count":6,"href":"https:\/\/windpilot.com\/blog\/wp-json\/wp\/v2\/posts\/29484\/revisions"}],"predecessor-version":[{"id":29499,"href":"https:\/\/windpilot.com\/blog\/wp-json\/wp\/v2\/posts\/29484\/revisions\/29499"}],"wp:attachment":[{"href":"https:\/\/windpilot.com\/blog\/wp-json\/wp\/v2\/media?parent=29484"}],"wp:term":[{"taxonomy":"category","embeddable":true,"href":"https:\/\/windpilot.com\/blog\/wp-json\/wp\/v2\/categories?post=29484"},{"taxonomy":"post_tag","embeddable":true,"href":"https:\/\/windpilot.com\/blog\/wp-json\/wp\/v2\/tags?post=29484"}],"curies":[{"name":"wp","href":"https:\/\/api.w.org\/{rel}","templated":true}]}}