{"id":7309,"date":"2012-11-06T03:58:20","date_gmt":"2012-11-06T10:58:20","guid":{"rendered":"https:\/\/windpilot.com\/blog\/?p=7309"},"modified":"2012-11-06T05:24:38","modified_gmt":"2012-11-06T12:24:38","slug":"deutsch-trans-ocean-e-v-vorstande-gesucht","status":"publish","type":"post","link":"https:\/\/windpilot.com\/blog\/blog\/forum-arbeit\/deutsch-trans-ocean-e-v-vorstande-gesucht\/","title":{"rendered":"Trans Ocean e.V. &#8211; Vorst\u00e4nde gesucht!"},"content":{"rendered":"<p><a href=\"https:\/\/windpilot.com\/blog\/wp-content\/uploads\/2012\/11\/Clemens-trocken.jpg\"><img loading=\"lazy\" decoding=\"async\" class=\"alignleft size-medium wp-image-7302\" title=\"Clemens trocken\" src=\"https:\/\/windpilot.com\/blog\/wp-content\/uploads\/2012\/11\/Clemens-trocken-300x197.jpg\" alt=\"\" width=\"300\" height=\"197\" srcset=\"https:\/\/windpilot.com\/blog\/wp-content\/uploads\/2012\/11\/Clemens-trocken-300x197.jpg 300w, https:\/\/windpilot.com\/blog\/wp-content\/uploads\/2012\/11\/Clemens-trocken-1024x673.jpg 1024w\" sizes=\"auto, (max-width: 300px) 100vw, 300px\" \/><\/a>Es handelt sich um zwei vermisste Personen, deren Verschwinden m\u00f6glicherweise in einem noch nicht gekl\u00e4rten Zusammenhang stehen k\u00f6nnte. Nachdem am 4.11. 2012 Uwe R\u00f6ttgering \u00fcberraschend schnell und unerwartet aus dem TO-Vorstand verschieden ist, fehlt seit einigen Stunden nun auch Dirk Mennewisch, Meister des Kassenschranks. Beide M\u00e4nner haben keine Abschiedsbriefe hinterlassen! \u00a0<a href=\"https:\/\/windpilot.com\/blog\/de\/trans-ocean-news\/deutsch-trans-ocean-e-v-vorstande-gesucht\/ \">WEITERLESEN&gt;<\/a><\/p>\n","protected":false},"excerpt":{"rendered":"<p>Es handelt sich um zwei vermisste Personen, deren Verschwinden m\u00f6glicherweise in einem noch nicht gekl\u00e4rten Zusammenhang stehen k\u00f6nnte. Nachdem am 4.11. 2012 Uwe R\u00f6ttgering \u00fcberraschend schnell und unerwartet aus dem TO-Vorstand verschieden ist, fehlt seit einigen Stunden nun auch Dirk &hellip; <a href=\"https:\/\/windpilot.com\/blog\/blog\/forum-arbeit\/deutsch-trans-ocean-e-v-vorstande-gesucht\/\">Weiterlesen <span class=\"meta-nav\">&rarr;<\/span><\/a><\/p>\n","protected":false},"author":1,"featured_media":0,"comment_status":"open","ping_status":"closed","sticky":false,"template":"","format":"standard","meta":{"footnotes":""},"categories":[17],"tags":[],"class_list":["post-7309","post","type-post","status-publish","format-standard","hentry","category-forum-arbeit"],"_links":{"self":[{"href":"https:\/\/windpilot.com\/blog\/wp-json\/wp\/v2\/posts\/7309","targetHints":{"allow":["GET"]}}],"collection":[{"href":"https:\/\/windpilot.com\/blog\/wp-json\/wp\/v2\/posts"}],"about":[{"href":"https:\/\/windpilot.com\/blog\/wp-json\/wp\/v2\/types\/post"}],"author":[{"embeddable":true,"href":"https:\/\/windpilot.com\/blog\/wp-json\/wp\/v2\/users\/1"}],"replies":[{"embeddable":true,"href":"https:\/\/windpilot.com\/blog\/wp-json\/wp\/v2\/comments?post=7309"}],"version-history":[{"count":0,"href":"https:\/\/windpilot.com\/blog\/wp-json\/wp\/v2\/posts\/7309\/revisions"}],"wp:attachment":[{"href":"https:\/\/windpilot.com\/blog\/wp-json\/wp\/v2\/media?parent=7309"}],"wp:term":[{"taxonomy":"category","embeddable":true,"href":"https:\/\/windpilot.com\/blog\/wp-json\/wp\/v2\/categories?post=7309"},{"taxonomy":"post_tag","embeddable":true,"href":"https:\/\/windpilot.com\/blog\/wp-json\/wp\/v2\/tags?post=7309"}],"curies":[{"name":"wp","href":"https:\/\/api.w.org\/{rel}","templated":true}]}}