{"id":8191,"date":"2013-03-03T02:41:24","date_gmt":"2013-03-03T09:41:24","guid":{"rendered":"https:\/\/windpilot.com\/blog\/?p=8191"},"modified":"2013-03-03T02:41:24","modified_gmt":"2013-03-03T09:41:24","slug":"deutsch-immer-auf-die-zwolf-die-yacht-kann%c2%b4s-nicht-lassen","status":"publish","type":"post","link":"https:\/\/windpilot.com\/blog\/blog\/forum-arbeit\/deutsch-immer-auf-die-zwolf-die-yacht-kann%c2%b4s-nicht-lassen\/","title":{"rendered":"Immer auf die Zw\u00f6lf &#8211; Die YACHT kann\u00b4s nicht lassen!"},"content":{"rendered":"<p><a href=\"https:\/\/windpilot.com\/blog\/wp-content\/uploads\/2013\/03\/Kuh-am-Mast.jpg\"><img loading=\"lazy\" decoding=\"async\" class=\"alignleft size-medium wp-image-8192\" alt=\"Kuh am Mast\" src=\"https:\/\/windpilot.com\/blog\/wp-content\/uploads\/2013\/03\/Kuh-am-Mast-300x225.jpg\" width=\"300\" height=\"225\" srcset=\"https:\/\/windpilot.com\/blog\/wp-content\/uploads\/2013\/03\/Kuh-am-Mast-300x225.jpg 300w, https:\/\/windpilot.com\/blog\/wp-content\/uploads\/2013\/03\/Kuh-am-Mast-1024x768.jpg 1024w\" sizes=\"auto, (max-width: 300px) 100vw, 300px\" \/><\/a><strong>Werte Chefredaktionisten<\/strong><br \/>\nselten lag Yacht-Dichtung und Cuxhaven-Wahrheit derart weit auseinander! Wenn Sie in Ihrem Bericht in Yacht #6, S.10 das Rennen zwischen Igel und Hase an der Tatsache festmachen, dass der Zugang an Neu Mitgliedern die K\u00fcndigungswelle nun \u00fcberholt, k\u00f6nnte man Sie begl\u00fcckw\u00fcnschen, denn Ihre Berichterstattung \u00fcber den TO h\u00e4tte sich dann gelohnt &#8211; da wollen wir nicht kleinlich sein und \u00fcbersehen, dass der Pressereferent die 160 bis zum Ende der BOOT gez\u00e4hlt! \u00a0<a href=\"http:\/\/forum.yacht.de\/showthread.php?128607-Trans-Ocean-der-R%FCckttritt-von-Bernd-Luetgebrune&amp;p=1196633#post1196633\" target=\"_blank\">WEITERLESEN&gt;<\/a><\/p>\n","protected":false},"excerpt":{"rendered":"<p>Werte Chefredaktionisten selten lag Yacht-Dichtung und Cuxhaven-Wahrheit derart weit auseinander! Wenn Sie in Ihrem Bericht in Yacht #6, S.10 das Rennen zwischen Igel und Hase an der Tatsache festmachen, dass der Zugang an Neu Mitgliedern die K\u00fcndigungswelle nun \u00fcberholt, k\u00f6nnte &hellip; <a href=\"https:\/\/windpilot.com\/blog\/blog\/forum-arbeit\/deutsch-immer-auf-die-zwolf-die-yacht-kann%c2%b4s-nicht-lassen\/\">Weiterlesen <span class=\"meta-nav\">&rarr;<\/span><\/a><\/p>\n","protected":false},"author":1,"featured_media":0,"comment_status":"open","ping_status":"closed","sticky":false,"template":"","format":"standard","meta":{"footnotes":""},"categories":[17],"tags":[],"class_list":["post-8191","post","type-post","status-publish","format-standard","hentry","category-forum-arbeit"],"_links":{"self":[{"href":"https:\/\/windpilot.com\/blog\/wp-json\/wp\/v2\/posts\/8191","targetHints":{"allow":["GET"]}}],"collection":[{"href":"https:\/\/windpilot.com\/blog\/wp-json\/wp\/v2\/posts"}],"about":[{"href":"https:\/\/windpilot.com\/blog\/wp-json\/wp\/v2\/types\/post"}],"author":[{"embeddable":true,"href":"https:\/\/windpilot.com\/blog\/wp-json\/wp\/v2\/users\/1"}],"replies":[{"embeddable":true,"href":"https:\/\/windpilot.com\/blog\/wp-json\/wp\/v2\/comments?post=8191"}],"version-history":[{"count":1,"href":"https:\/\/windpilot.com\/blog\/wp-json\/wp\/v2\/posts\/8191\/revisions"}],"predecessor-version":[{"id":8193,"href":"https:\/\/windpilot.com\/blog\/wp-json\/wp\/v2\/posts\/8191\/revisions\/8193"}],"wp:attachment":[{"href":"https:\/\/windpilot.com\/blog\/wp-json\/wp\/v2\/media?parent=8191"}],"wp:term":[{"taxonomy":"category","embeddable":true,"href":"https:\/\/windpilot.com\/blog\/wp-json\/wp\/v2\/categories?post=8191"},{"taxonomy":"post_tag","embeddable":true,"href":"https:\/\/windpilot.com\/blog\/wp-json\/wp\/v2\/tags?post=8191"}],"curies":[{"name":"wp","href":"https:\/\/api.w.org\/{rel}","templated":true}]}}